{"id":626,"__str__":"Ordem: None - Requerente: None - Mat\u00e9ria: Indica\u00e7\u00e3o n\u00ba 1291 de 2023","link_detail_backend":"/sessao/retiradapauta/626","metadata":{},"data":"2023-08-01","observacao":"autor ausente","materia":21228,"sessao_plenaria":410,"ordem":null,"expediente":9982,"parlamentar":null,"tipo_de_retirada":3}