{"id":346,"__str__":"Ordem: None - Requerente: None - Mat\u00e9ria: Indica\u00e7\u00e3o n\u00ba 689 de 2023","link_detail_backend":"/sessao/retiradapauta/346","metadata":{},"data":"2023-04-12","observacao":"autor ausente","materia":20221,"sessao_plenaria":335,"ordem":null,"expediente":8832,"parlamentar":null,"tipo_de_retirada":3}