{"id":7350,"__str__":"Lei Ordin\u00e1ria n\u00ba 5.348, de 22 de agosto de 2025","link_detail_backend":"/norma/7350","metadata":{},"texto_integral":"http://sapl.macae.rj.leg.br/media/sapl/public/normajuridica/2025/7350/lei_no_5.348_e_5.349_de_2025.pdf","numero":"5348","ano":2025,"esfera_federacao":"M","data":"2025-08-22","data_publicacao":"2025-08-22","veiculo_publicacao":"","pagina_inicio_publicacao":null,"pagina_fim_publicacao":null,"ementa":"INSTITUI NO CALEND\u00c1RIO OFICIAL DO MUNIC\u00cdPIO DE MACA\u00c9 A FESTA JULINA DA CABECEIRA DO SANA.","indexacao":"","observacao":"","complemento":false,"data_vigencia":null,"timestamp":"2025-08-25T09:03:19.420539-03:00","data_ultima_atualizacao":"2025-08-25T09:03:19.554165-03:00","ip":"200.0.203.221","ultima_edicao":"2025-08-25T09:00:56.326655-03:00","tipo":4,"materia":28083,"orgao":null,"user":40,"assuntos":[],"autores":[]}