{"id":9058,"__str__":"Requerimento n\u00ba 736 de 2017","link_detail_backend":"/materia/9058","metadata":{},"numero":736,"ano":2017,"numero_protocolo":null,"data_apresentacao":"2017-07-10","tipo_apresentacao":"","data_publicacao":null,"numero_origem_externa":"","ano_origem_externa":null,"data_origem_externa":null,"apelido":"","dias_prazo":null,"data_fim_prazo":null,"em_tramitacao":false,"polemica":null,"objeto":"","complementar":null,"ementa":"Requer ao Excelent\u00edssimo Senhor Chefe do Poder Executivo Municipal para que determine \u00e0 Secretaria Municipal de Ordem P\u00fablica sejam fornecidas \u00e0 esta Casa Legislativa, as seguintes informa\u00e7\u00f5es:\r\nI \u2013 Contingentes oficial e real no Programa Guarda S\u00eanior?\r\nII \u2013 Quais os crit\u00e9rios para admiss\u00e3o dos integrantes?\r\nIII \u2013 Em quais organismos e \u00e1reas do munic\u00edpio os Guardas S\u00eanior est\u00e3o alocados, atualmente?","indexacao":"","observacao":"","resultado":"","texto_original":"http://sapl.macae.rj.leg.br/media/sapl/public/materialegislativa/2017/9058/requerimento__no_736-2017.doc","data_ultima_atualizacao":"2020-01-23T23:17:22.521222-03:00","ip":"179.233.139.187","ultima_edicao":null,"tipo":9,"regime_tramitacao":2,"tipo_origem_externa":null,"local_origem_externa":null,"user":50,"anexadas":[],"autores":[78]}