{"id":30981,"__str__":"Requerimento n\u00ba 8 de 2026","link_detail_backend":"/materia/30981","metadata":{},"numero":8,"ano":2026,"numero_protocolo":14,"data_apresentacao":"2026-01-08","tipo_apresentacao":"","data_publicacao":null,"numero_origem_externa":"","ano_origem_externa":null,"data_origem_externa":null,"apelido":"","dias_prazo":null,"data_fim_prazo":null,"em_tramitacao":false,"polemica":false,"objeto":"","complementar":false,"ementa":"REQUER \u00e0 Mesa Diretora desta Casa Legislativa que envie correspond\u00eancia ao Exmo. Senhor Chefe do Poder Executivo Municipal, solicitando informa\u00e7\u00f5es aos \u00f3rg\u00e3os competentes da Administra\u00e7\u00e3o P\u00fablica, acerca do d\u00e9ficit de vagas em creches e unidades de educa\u00e7\u00e3o infantil no munic\u00edpio.","indexacao":"","observacao":"","resultado":"","texto_original":"http://sapl.macae.rj.leg.br/media/sapl/public/materialegislativa/2026/30981/requerimento_-_informacoes_acerca_do_deficit_de_vagas_em_creches_e_unidades_de_educacao_infantil_no_municipio_-_3.pdf","data_ultima_atualizacao":"2026-04-08T14:56:41.547518-03:00","ip":"","ultima_edicao":null,"tipo":9,"regime_tramitacao":2,"tipo_origem_externa":null,"local_origem_externa":null,"user":null,"anexadas":[],"autores":[103]}