{"id":30978,"__str__":"Requerimento n\u00ba 6 de 2026","link_detail_backend":"/materia/30978","metadata":{},"numero":6,"ano":2026,"numero_protocolo":11,"data_apresentacao":"2026-01-08","tipo_apresentacao":"","data_publicacao":null,"numero_origem_externa":"","ano_origem_externa":null,"data_origem_externa":null,"apelido":"","dias_prazo":null,"data_fim_prazo":null,"em_tramitacao":false,"polemica":false,"objeto":"","complementar":false,"ementa":"REQUER \u00e0 Mesa Diretora desta Casa Legislativa que envie correspond\u00eancia ao Exmo. Senhor Chefe do Poder Executivo Municipal, por meio dos \u00f3rg\u00e3os competentes da Administra\u00e7\u00e3o P\u00fablica Municipal, solicitando informa\u00e7\u00f5es acerca da possibilidade de unifica\u00e7\u00e3o do pagamento das f\u00e9rias dos profissionais da educa\u00e7\u00e3o do munic\u00edpio, especificamente quanto aos 15 (quinze) dias usufru\u00eddos no m\u00eas de julho, para que sejam pagos conjuntamente com as f\u00e9rias referentes ao m\u00eas de janeiro. Ressalta-se que pr\u00e1tica semelhante j\u00e1 vem sendo adotada pelo Governo do Estado do Rio de Janeiro para os profissionais da rede estadual de ensino","indexacao":"","observacao":"","resultado":"","texto_original":"http://sapl.macae.rj.leg.br/media/sapl/public/materialegislativa/2026/30978/requerimento_-_pagamento_de_15_dias_de_ferias_do_mes_julho_da_educacao_seja_junto_com_o_pagemento_de_ferias_de_janeiro.pdf","data_ultima_atualizacao":"2026-03-27T15:14:21.472546-03:00","ip":"","ultima_edicao":null,"tipo":9,"regime_tramitacao":2,"tipo_origem_externa":null,"local_origem_externa":null,"user":null,"anexadas":[],"autores":[103]}