{"id":29514,"__str__":"Requerimento n\u00ba 280 de 2025","link_detail_backend":"/materia/29514","metadata":{},"numero":280,"ano":2025,"numero_protocolo":3849,"data_apresentacao":"2025-08-19","tipo_apresentacao":"","data_publicacao":null,"numero_origem_externa":"","ano_origem_externa":null,"data_origem_externa":null,"apelido":"","dias_prazo":null,"data_fim_prazo":null,"em_tramitacao":false,"polemica":false,"objeto":"","complementar":false,"ementa":"REQUER \u00e0 Mesa Diretora que envie correspond\u00eancia ao Chefe do Poder Executivo, solicitando que seja realizado a avalia\u00e7\u00e3o da qualidade do ar em todas as reparti\u00e7\u00f5es p\u00fablicas do munic\u00edpio, em especial as unidades de sa\u00fade, visando garantir um ambiente de trabalho e atendimento ao p\u00fablico saud\u00e1vel e produtivo, al\u00e9m de prevenir problemas de sa\u00fade relacionados \u00e0 polui\u00e7\u00e3o interna.","indexacao":"","observacao":"","resultado":"","texto_original":"http://sapl.macae.rj.leg.br/media/sapl/public/materialegislativa/2025/29514/req-amaroluiz-_00016-2025_-_avaliacao_do_ar_em_reparticoes_publicas.doc","data_ultima_atualizacao":"2025-11-06T17:06:09.620267-03:00","ip":"","ultima_edicao":null,"tipo":9,"regime_tramitacao":2,"tipo_origem_externa":null,"local_origem_externa":null,"user":null,"anexadas":[],"autores":[91]}