{"id":28083,"__str__":"Projeto de Lei do Legislativo n\u00ba 74 de 2025","link_detail_backend":"/materia/28083","metadata":{"signs":{"texto_original":{"admin":[],"autores":[["Jose Geraldo Jardim Filho",["2025-04-09T19:21:36-03:00","ICP-Brasil"]]]}}},"numero":74,"ano":2025,"numero_protocolo":2419,"data_apresentacao":"2025-04-10","tipo_apresentacao":"","data_publicacao":null,"numero_origem_externa":"","ano_origem_externa":null,"data_origem_externa":null,"apelido":"","dias_prazo":null,"data_fim_prazo":null,"em_tramitacao":false,"polemica":false,"objeto":"","complementar":false,"ementa":"INSTITUI NO CALEND\u00c1RIO OFICIAL DO MUNIC\u00cdPIO DE MACA\u00c9 A FESTA JULINA DA CABECEIRA DO SANA.","indexacao":"","observacao":"","resultado":"","texto_original":"http://sapl.macae.rj.leg.br/media/sapl/public/materialegislativa/2025/28083/pl_xx.2025_festa_julinha_cabeceira_do_sana.pdf","data_ultima_atualizacao":"2025-08-25T09:05:09.503493-03:00","ip":"200.0.203.221","ultima_edicao":"2025-08-04T14:31:11.633807-03:00","tipo":3,"regime_tramitacao":2,"tipo_origem_externa":null,"local_origem_externa":null,"user":40,"anexadas":[],"autores":[87]}