{"id":27987,"__str__":"Projeto de Lei do Legislativo n\u00ba 63 de 2025","link_detail_backend":"/materia/27987","metadata":{"signs":{"texto_original":{"admin":[],"autores":[["Alan Mansur Pereira",["2025-04-01T15:46:23-03:00","ICP-Brasil - Certificado PF A3"]]]}}},"numero":63,"ano":2025,"numero_protocolo":2323,"data_apresentacao":"2025-04-02","tipo_apresentacao":"","data_publicacao":null,"numero_origem_externa":"","ano_origem_externa":null,"data_origem_externa":null,"apelido":"","dias_prazo":null,"data_fim_prazo":null,"em_tramitacao":false,"polemica":false,"objeto":"","complementar":false,"ementa":"INCLUI NO CALEND\u00c1RIO OFICIAL DE EVENTOS DO MUNIC\u00cdPIO DE MACA\u00c9, A CAVALGADA MACAENSE, A REALIZAR-SE ANUALMENTE NO TERCEIRO S\u00c1BADO DO M\u00caS DE SETEMBRO, E D\u00c1 OUTRAS PROVID\u00caNCIAS.","indexacao":"","observacao":"","resultado":"","texto_original":"http://sapl.macae.rj.leg.br/media/sapl/public/materialegislativa/2025/27987/pl_-_cavalgada_macaense.pdf","data_ultima_atualizacao":"2025-07-07T11:07:06.137318-03:00","ip":"","ultima_edicao":null,"tipo":3,"regime_tramitacao":2,"tipo_origem_externa":null,"local_origem_externa":null,"user":null,"anexadas":[],"autores":[7]}