{"id":26599,"__str__":"Indica\u00e7\u00e3o n\u00ba 850 de 2025","link_detail_backend":"/materia/26599","metadata":{},"numero":850,"ano":2025,"numero_protocolo":935,"data_apresentacao":"2025-01-28","tipo_apresentacao":"","data_publicacao":null,"numero_origem_externa":"","ano_origem_externa":null,"data_origem_externa":null,"apelido":"","dias_prazo":null,"data_fim_prazo":null,"em_tramitacao":false,"polemica":false,"objeto":"","complementar":false,"ementa":"Indica que, por meio das Secretarias Municipais de Obras, Servi\u00e7os P\u00fablicos e de Mobilidade Urbana, implante Faixa de Acessibilidade (Maca\u00e9 sem Barreiras) uma rota de acesso livre para pessoas com mobilidade reduzida. A padroniza\u00e7\u00e3o das rampas de acesso em todo o munic\u00edpio, priorizando as \u00e1reas com maior fluxo de pedestres, como centros comerciais, escolas, pra\u00e7as hospitais e pontos de \u00f4nibus.","indexacao":"","observacao":"","resultado":"","texto_original":"http://sapl.macae.rj.leg.br/media/sapl/public/materialegislativa/2025/26599/projeto_faixa_de_acessibilidade.pdf","data_ultima_atualizacao":"2025-08-04T19:13:12.339112-03:00","ip":"","ultima_edicao":null,"tipo":8,"regime_tramitacao":2,"tipo_origem_externa":null,"local_origem_externa":null,"user":null,"anexadas":[],"autores":[106]}