{"id":26007,"__str__":"Indica\u00e7\u00e3o n\u00ba 307 de 2025","link_detail_backend":"/materia/26007","metadata":{"signs":{"texto_original":{"admin":[],"autores":[["Jose Geraldo Jardim Filho",["2024-12-18T11:12:13-03:00","ICP-Brasil"]]]}}},"numero":307,"ano":2025,"numero_protocolo":343,"data_apresentacao":"2025-01-13","tipo_apresentacao":"","data_publicacao":null,"numero_origem_externa":"","ano_origem_externa":null,"data_origem_externa":null,"apelido":"","dias_prazo":null,"data_fim_prazo":null,"em_tramitacao":false,"polemica":false,"objeto":"","complementar":false,"ementa":"O Vereador que a presente subscreve, depois de observar as normas regimentais, INDICA ao Excelent\u00edssimo Senhor Chefe do Poder Executivo Municipal, atrav\u00e9s do \u00f3rg\u00e3o competente da Administra\u00e7\u00e3o, que seja executado servi\u00e7o de reforma na Quadra do Trapiche (como pintura, reparo no alambrado, revis\u00e3o el\u00e9trica da ilumina\u00e7\u00e3o, etc).","indexacao":"","observacao":"","resultado":"","texto_original":"http://sapl.macae.rj.leg.br/media/sapl/public/materialegislativa/2025/26007/indicacao_038_2025.pdf","data_ultima_atualizacao":"2025-07-01T18:08:31.951353-03:00","ip":"","ultima_edicao":null,"tipo":8,"regime_tramitacao":2,"tipo_origem_externa":null,"local_origem_externa":null,"user":null,"anexadas":[],"autores":[87]}