{"id":25991,"__str__":"Indica\u00e7\u00e3o n\u00ba 291 de 2025","link_detail_backend":"/materia/25991","metadata":{"signs":{"texto_original":{"admin":[],"autores":[["Jose Geraldo Jardim Filho",["2024-12-18T14:58:58-03:00","ICP-Brasil"]]]}}},"numero":291,"ano":2025,"numero_protocolo":327,"data_apresentacao":"2025-01-13","tipo_apresentacao":"","data_publicacao":null,"numero_origem_externa":"","ano_origem_externa":null,"data_origem_externa":null,"apelido":"","dias_prazo":null,"data_fim_prazo":null,"em_tramitacao":false,"polemica":false,"objeto":"","complementar":false,"ementa":"O Vereador que a presente subscreve, depois de observar as normas regimentais, INDICA ao Excelent\u00edssimo Senhor Chefe do Poder Executivo Municipal, atrav\u00e9s do \u00f3rg\u00e3o competente da Administra\u00e7\u00e3o, manuten\u00e7\u00e3o e avalia\u00e7\u00e3o t\u00e9cnica do sistema de funcionamento nas comportas das Malvinas, para que trabalhem de forma eficaz e eficiente, evitando as enchentes na regi\u00e3o.","indexacao":"","observacao":"","resultado":"","texto_original":"http://sapl.macae.rj.leg.br/media/sapl/public/materialegislativa/2025/25991/indicacao_092_2025.pdf","data_ultima_atualizacao":"2025-06-16T19:28:21.700206-03:00","ip":"","ultima_edicao":null,"tipo":8,"regime_tramitacao":2,"tipo_origem_externa":null,"local_origem_externa":null,"user":null,"anexadas":[],"autores":[87]}