{"id":22256,"__str__":"Indica\u00e7\u00e3o n\u00ba 1920 de 2023","link_detail_backend":"/materia/22256","metadata":{"signs":{"texto_original":{"admin":[],"autores":[["George Coutinho Jardim",["2023-09-21T09:44:33-03:00","ICP-Brasil"]]]}}},"numero":1920,"ano":2023,"numero_protocolo":2919,"data_apresentacao":"2023-09-22","tipo_apresentacao":"","data_publicacao":null,"numero_origem_externa":"","ano_origem_externa":null,"data_origem_externa":null,"apelido":"","dias_prazo":null,"data_fim_prazo":null,"em_tramitacao":true,"polemica":false,"objeto":"","complementar":false,"ementa":"INDICA ao Excelent\u00edssimo Senhor Chefe do Poder Executivo Municipal, Secretaria Municipal de Ordem P\u00fablica, Coordenadoria de Fiscaliza\u00e7\u00e3o de Postura e Secretaria Municipal de Mobilidade Urbana que viabilizem nas esta\u00e7\u00f5es de calor que se aproximam (primavera e ver\u00e3o), equipes de Agentes Fiscalizadores aos finais de semana nas localidades da Regi\u00e3o Serrana de maior movimento tur\u00edstico, principalmente Bicuda Pequena, Bicuda Grande, Frade, Glic\u00e9rio e Sana.","indexacao":"","observacao":"","resultado":"","texto_original":"http://sapl.macae.rj.leg.br/media/sapl/public/materialegislativa/2023/22256/indicacao_legislativa_-_fiscalizacao_de_verao_na_serra.pdf","data_ultima_atualizacao":"2023-10-17T22:45:59.313125-03:00","ip":"","ultima_edicao":null,"tipo":8,"regime_tramitacao":2,"tipo_origem_externa":null,"local_origem_externa":null,"user":null,"anexadas":[],"autores":[75]}