{"id":20741,"__str__":"Requerimento n\u00ba 171 de 2023","link_detail_backend":"/materia/20741","metadata":{},"numero":171,"ano":2023,"numero_protocolo":1396,"data_apresentacao":"2023-04-13","tipo_apresentacao":"","data_publicacao":null,"numero_origem_externa":"","ano_origem_externa":null,"data_origem_externa":null,"apelido":"","dias_prazo":null,"data_fim_prazo":null,"em_tramitacao":true,"polemica":false,"objeto":"","complementar":false,"ementa":"O Vereador que o presente subscreve, depois de observar as normas regimentais, REQUER \u00e0 Mesa Diretora a realiza\u00e7\u00e3o de Audi\u00eancia P\u00fablica, em data a ser fixada posteriormente, destinada a debater a viol\u00eancia contra o professores, alunos, profissionais de educa\u00e7\u00e3o e o aumento dos \u00edndices de viol\u00eancia nas escolas pelo pa\u00eds.","indexacao":"","observacao":"","resultado":"","texto_original":"http://sapl.macae.rj.leg.br/media/sapl/public/materialegislativa/2023/20741/requerimento_057_2023_-_audiencia_publica_para_debater_a_violencia_nas_escolas__.pdf","data_ultima_atualizacao":"2023-04-18T13:36:37.129052-03:00","ip":"","ultima_edicao":null,"tipo":9,"regime_tramitacao":2,"tipo_origem_externa":null,"local_origem_externa":null,"user":null,"anexadas":[],"autores":[8,96]}