{"id":13483,"__str__":"Indica\u00e7\u00e3o n\u00ba 1229 de 2021","link_detail_backend":"/materia/13483","metadata":{},"numero":1229,"ano":2021,"numero_protocolo":1533,"data_apresentacao":"2021-03-19","tipo_apresentacao":"","data_publicacao":null,"numero_origem_externa":"","ano_origem_externa":null,"data_origem_externa":null,"apelido":"","dias_prazo":null,"data_fim_prazo":null,"em_tramitacao":true,"polemica":false,"objeto":"","complementar":false,"ementa":"O Vereador que a presente subscreve, depois de observar as normas regimentais, INDICA ao Excelent\u00edssimo Senhor Chefe do Poder Executivo Municipal, atrav\u00e9s dos \u00f3rg\u00e3os competentes da Administra\u00e7\u00e3o, que sejam feitos os servi\u00e7os de INSTALA\u00c7\u00c3O, MANUTEN\u00c7\u00c3O e SUBSTITUI\u00c7\u00c3O do sistema de ILUMINA\u00c7\u00c3O P\u00daBLICA da Avenida F\u00e1bio Franco, no trecho compreendido entre os n\u00fameros 678 e 832, bairros Visconde de Ara\u00fajo.","indexacao":"","observacao":"","resultado":"","texto_original":"http://sapl.macae.rj.leg.br/media/sapl/public/materialegislativa/2021/13483/36_indicacao_legislativa_iluminacao_-_fabio_franco_-_visconde_e_valentina_miranda.doc","data_ultima_atualizacao":"2021-08-03T23:56:21.528866-03:00","ip":"","ultima_edicao":null,"tipo":8,"regime_tramitacao":2,"tipo_origem_externa":null,"local_origem_externa":null,"user":null,"anexadas":[],"autores":[90]}