{"id":10926,"__str__":"Requerimento n\u00ba 250 de 2020","link_detail_backend":"/materia/10926","metadata":{},"numero":250,"ano":2020,"numero_protocolo":null,"data_apresentacao":"2020-06-18","tipo_apresentacao":"E","data_publicacao":null,"numero_origem_externa":"","ano_origem_externa":null,"data_origem_externa":null,"apelido":"","dias_prazo":null,"data_fim_prazo":null,"em_tramitacao":false,"polemica":null,"objeto":"","complementar":null,"ementa":"Requer que as vans utilizadas e cadastradas no transporte escolar possam atuar como mais uma op\u00e7\u00e3o de mobilidade urbana no munic\u00edpio, apenas enquanto as atividades escolares estiverem suspensas e retomada do com\u00e9rcio local for liberada. Esta a\u00e7\u00e3o dever\u00e1 ser implantada somente no per\u00edodo que vigorarem os procedimentos contra o cont\u00e1gio da COVID-19 e tem como objetivo auxiliar no provento aos motoristas das vans  e minimizar a aglomera\u00e7\u00e3o no transporte p\u00fablico.","indexacao":"","observacao":"","resultado":"","texto_original":"http://sapl.macae.rj.leg.br/media/sapl/public/materialegislativa/2020/10926/requerimento_003-_transporte_-_covid-19.doc","data_ultima_atualizacao":"2020-06-18T14:47:49.325456-03:00","ip":"170.233.51.15","ultima_edicao":null,"tipo":9,"regime_tramitacao":2,"tipo_origem_externa":null,"local_origem_externa":null,"user":57,"anexadas":[],"autores":[77]}